{"id":623,"date":"2013-02-13T12:04:52","date_gmt":"2013-02-13T11:04:52","guid":{"rendered":"http:\/\/blog.schlosslauterbach.com\/?p=623"},"modified":"2013-03-03T08:26:49","modified_gmt":"2013-03-03T08:26:49","slug":"artikel-in-ait","status":"publish","type":"post","link":"http:\/\/blog.schlosslauterbach.com\/?p=623","title":{"rendered":"Artikel in &#8222;AIT&#8220;"},"content":{"rendered":"<p><a title=\"ait0113_126_129-1.jpg\" href=\"http:\/\/blog.schlosslauterbach.com\/wp-content\/uploads\/2013\/02\/ait0113_126_129-1.jpg\"><img decoding=\"async\" alt=\"ait0113_126_129-1.jpg\" src=\"http:\/\/blog.schlosslauterbach.com\/wp-content\/uploads\/2013\/02\/ait0113_126_129-1.jpg\" \/><\/a><\/p>\n<p>In der aktuellen Ausgabe 01\/02 2013 von &#8222;AIT&#8220; einer f\u00fchrenden europ\u00e4ischen Architekturzeitschrift gibt es einen mehrseitigen Artikel \u00fcber Schloss Lauterbach.<\/p>\n<p>\u00a9 Courtesy AIT und die Autoren &#8211; Uwe Bresan \/ Fotos Nikolaus Gr\u00fcnwald<\/p>\n","protected":false},"excerpt":{"rendered":"<p>In der aktuellen Ausgabe 01\/02 2013 von &#8222;AIT&#8220; einer f\u00fchrenden europ\u00e4ischen Architekturzeitschrift gibt es einen mehrseitigen Artikel \u00fcber Schloss Lauterbach. \u00a9 Courtesy AIT und die Autoren &#8211; Uwe Bresan \/ Fotos Nikolaus Gr\u00fcnwald<\/p>\n","protected":false},"author":1,"featured_media":0,"comment_status":"open","ping_status":"open","sticky":false,"template":"","format":"standard","meta":{"footnotes":""},"categories":[5],"tags":[124,116,117,125,122,8,119,123,120,118,121],"class_list":["post-623","post","type-post","status-publish","format-standard","hentry","category-rund-ums-schloss","tag-124","tag-ait","tag-architektur-innenarchitekur-technik","tag-arnold-esche","tag-chateau","tag-henry-van-de-velde","tag-klassik-stiftung-weimar","tag-lauterbach","tag-uwe-bresan","tag-van-de-velde-jahr-2013","tag-verlag-alexander-koch"],"jetpack_featured_media_url":"","_links":{"self":[{"href":"http:\/\/blog.schlosslauterbach.com\/index.php?rest_route=\/wp\/v2\/posts\/623","targetHints":{"allow":["GET"]}}],"collection":[{"href":"http:\/\/blog.schlosslauterbach.com\/index.php?rest_route=\/wp\/v2\/posts"}],"about":[{"href":"http:\/\/blog.schlosslauterbach.com\/index.php?rest_route=\/wp\/v2\/types\/post"}],"author":[{"embeddable":true,"href":"http:\/\/blog.schlosslauterbach.com\/index.php?rest_route=\/wp\/v2\/users\/1"}],"replies":[{"embeddable":true,"href":"http:\/\/blog.schlosslauterbach.com\/index.php?rest_route=%2Fwp%2Fv2%2Fcomments&post=623"}],"version-history":[{"count":5,"href":"http:\/\/blog.schlosslauterbach.com\/index.php?rest_route=\/wp\/v2\/posts\/623\/revisions"}],"predecessor-version":[{"id":694,"href":"http:\/\/blog.schlosslauterbach.com\/index.php?rest_route=\/wp\/v2\/posts\/623\/revisions\/694"}],"wp:attachment":[{"href":"http:\/\/blog.schlosslauterbach.com\/index.php?rest_route=%2Fwp%2Fv2%2Fmedia&parent=623"}],"wp:term":[{"taxonomy":"category","embeddable":true,"href":"http:\/\/blog.schlosslauterbach.com\/index.php?rest_route=%2Fwp%2Fv2%2Fcategories&post=623"},{"taxonomy":"post_tag","embeddable":true,"href":"http:\/\/blog.schlosslauterbach.com\/index.php?rest_route=%2Fwp%2Fv2%2Ftags&post=623"}],"curies":[{"name":"wp","href":"https:\/\/api.w.org\/{rel}","templated":true}]}}