{"id":586,"date":"2012-05-23T16:00:09","date_gmt":"2012-05-23T16:00:09","guid":{"rendered":"http:\/\/blog.schlosslauterbach.com\/?p=586"},"modified":"2013-07-30T06:31:36","modified_gmt":"2013-07-30T06:31:36","slug":"veranda","status":"publish","type":"post","link":"http:\/\/blog.schlosslauterbach.com\/?p=586","title":{"rendered":"VERANDA"},"content":{"rendered":"<p><a title=\"l1010859.jpg\" href=\"http:\/\/blog.schlosslauterbach.com\/wp-content\/uploads\/2012\/05\/l1010859.jpg\"><img decoding=\"async\" alt=\"l1010859.jpg\" src=\"http:\/\/blog.schlosslauterbach.com\/wp-content\/uploads\/2012\/05\/l1010859.jpg\" \/><\/a><\/p>\n<p><a title=\"l1010852.jpg\" href=\"http:\/\/blog.schlosslauterbach.com\/wp-content\/uploads\/2012\/05\/l1010852.jpg\"><img decoding=\"async\" alt=\"l1010852.jpg\" src=\"http:\/\/blog.schlosslauterbach.com\/wp-content\/uploads\/2012\/05\/l1010852.jpg\" \/><\/a><\/p>\n<p><a title=\"l1010857.jpg\" href=\"http:\/\/blog.schlosslauterbach.com\/wp-content\/uploads\/2012\/05\/l1010857.jpg\"><img decoding=\"async\" alt=\"l1010857.jpg\" src=\"http:\/\/blog.schlosslauterbach.com\/wp-content\/uploads\/2012\/05\/l1010857.jpg\" \/><\/a><\/p>\n<p>P\u00fcnktlich zum Fr\u00fchjahr haben wir damit begonnen, die Veranda zu sanieren. Nach dem sorgf\u00e4ltigen Entlacken kam das tagelange Schleifen. Nun ist lackiert (die Farbe wurde nach Befund nachgemischt) und das erste von zwei Schiebefenster wurde nachgefertigt und gerade montiert. Alle fehlenden Ornamentgl\u00e4ser wurden nach historischem Vorbild schon im Winter von einer Kunstglaserei hergestellt &#8211; in k\u00fcrze erwarten wir den Rest der Verglasung &#8211; dann kann der Sommer und die langen Abende kommen.<\/p>\n<p>PS Danke Familie &#8211; f\u00fcr die Unterst\u00fctzung, tagelang wurde mit etlichen Personen geschrubbt und gekratzt.<\/p>\n","protected":false},"excerpt":{"rendered":"<p>P\u00fcnktlich zum Fr\u00fchjahr haben wir damit begonnen, die Veranda zu sanieren. Nach dem sorgf\u00e4ltigen Entlacken kam das tagelange Schleifen. Nun ist lackiert (die Farbe wurde nach Befund nachgemischt) und das erste von zwei Schiebefenster wurde nachgefertigt und gerade montiert. Alle fehlenden Ornamentgl\u00e4ser wurden nach historischem Vorbild schon im Winter von einer Kunstglaserei hergestellt &#8211; in [&hellip;]<\/p>\n","protected":false},"author":1,"featured_media":0,"comment_status":"open","ping_status":"open","sticky":false,"template":"","format":"standard","meta":{"footnotes":""},"categories":[2],"tags":[169,168,127],"class_list":["post-586","post","type-post","status-publish","format-standard","hentry","category-rekonstruktion","tag-portikus","tag-veranda","tag-wintergarten"],"jetpack_featured_media_url":"","_links":{"self":[{"href":"http:\/\/blog.schlosslauterbach.com\/index.php?rest_route=\/wp\/v2\/posts\/586","targetHints":{"allow":["GET"]}}],"collection":[{"href":"http:\/\/blog.schlosslauterbach.com\/index.php?rest_route=\/wp\/v2\/posts"}],"about":[{"href":"http:\/\/blog.schlosslauterbach.com\/index.php?rest_route=\/wp\/v2\/types\/post"}],"author":[{"embeddable":true,"href":"http:\/\/blog.schlosslauterbach.com\/index.php?rest_route=\/wp\/v2\/users\/1"}],"replies":[{"embeddable":true,"href":"http:\/\/blog.schlosslauterbach.com\/index.php?rest_route=%2Fwp%2Fv2%2Fcomments&post=586"}],"version-history":[{"count":2,"href":"http:\/\/blog.schlosslauterbach.com\/index.php?rest_route=\/wp\/v2\/posts\/586\/revisions"}],"predecessor-version":[{"id":957,"href":"http:\/\/blog.schlosslauterbach.com\/index.php?rest_route=\/wp\/v2\/posts\/586\/revisions\/957"}],"wp:attachment":[{"href":"http:\/\/blog.schlosslauterbach.com\/index.php?rest_route=%2Fwp%2Fv2%2Fmedia&parent=586"}],"wp:term":[{"taxonomy":"category","embeddable":true,"href":"http:\/\/blog.schlosslauterbach.com\/index.php?rest_route=%2Fwp%2Fv2%2Fcategories&post=586"},{"taxonomy":"post_tag","embeddable":true,"href":"http:\/\/blog.schlosslauterbach.com\/index.php?rest_route=%2Fwp%2Fv2%2Ftags&post=586"}],"curies":[{"name":"wp","href":"https:\/\/api.w.org\/{rel}","templated":true}]}}