{"id":529,"date":"2011-05-02T14:30:03","date_gmt":"2011-05-02T12:30:03","guid":{"rendered":"http:\/\/blog.schlosslauterbach.com\/?p=529"},"modified":"2013-02-24T16:21:28","modified_gmt":"2013-02-24T16:21:28","slug":"back-to-the-future","status":"publish","type":"post","link":"http:\/\/blog.schlosslauterbach.com\/?p=529","title":{"rendered":"Back to the Future"},"content":{"rendered":"<p><a title=\"l1000563-1.jpg\" href=\"http:\/\/blog.schlosslauterbach.com\/wp-content\/uploads\/2011\/05\/l1000563-1.jpg\"><img decoding=\"async\" alt=\"l1000563-1.jpg\" src=\"http:\/\/blog.schlosslauterbach.com\/wp-content\/uploads\/2011\/05\/l1000563-1.jpg\" \/><\/a><\/p>\n<p><a title=\"l1000565-3.jpg\" href=\"http:\/\/blog.schlosslauterbach.com\/wp-content\/uploads\/2011\/05\/l1000565-3.jpg\"><img decoding=\"async\" alt=\"l1000565-3.jpg\" src=\"http:\/\/blog.schlosslauterbach.com\/wp-content\/uploads\/2011\/05\/l1000565-3.jpg\" \/><\/a><\/p>\n<p><a title=\"l1000567-5.jpg\" href=\"http:\/\/blog.schlosslauterbach.com\/wp-content\/uploads\/2011\/05\/l1000567-5.jpg\"><img decoding=\"async\" alt=\"l1000567-5.jpg\" src=\"http:\/\/blog.schlosslauterbach.com\/wp-content\/uploads\/2011\/05\/l1000567-5.jpg\" \/><\/a><br \/>\nDie Ahnen sind zur\u00fcck. Dank einer grossz\u00fcgigen Leihgabe konnten wir zu Ostern die Ahnen der fr\u00fcheren Eigent\u00fcmer von Schloss Lauterbach begr\u00fcssen. Zur\u00fcck an ihrem angestammten Platz im Salon wurde eine Probemontage in den Mahagoni-Wandt\u00e4fern gemacht. Und siehe da, trotz einer Abwesenheit von mehr als 60 Jahren passte alles perfekt.<\/p>\n<p>Gemalt von der feinen Portraitistin Jlse. v. Scheel, einer Schwester von Erika v. Scheel, letztere eine Sch\u00fclerin Henry van de Velde\u00b4s in Weimar. Der Auftrag f\u00fcr die Portraits der Familie Esche wurde um 1906 von Herbert Esche, der ausser der Serie f\u00fcr das Speisezimmer seiner Villa in Chemnitz drei Duplikatserien f\u00fcr seine Br\u00fcder anfertigen liess. Die Lauterbacher Variante wurde von van de Velde exakt in die Wandvert\u00e4felung des Salons eingeplant.<\/p>\n<p>Unser herzlicher Dank gilt Ingo Esche, der die Sache in die Wege geleitet hat.<\/p>\n","protected":false},"excerpt":{"rendered":"<p>Die Ahnen sind zur\u00fcck. Dank einer grossz\u00fcgigen Leihgabe konnten wir zu Ostern die Ahnen der fr\u00fcheren Eigent\u00fcmer von Schloss Lauterbach begr\u00fcssen. Zur\u00fcck an ihrem angestammten Platz im Salon wurde eine Probemontage in den Mahagoni-Wandt\u00e4fern gemacht. Und siehe da, trotz einer Abwesenheit von mehr als 60 Jahren passte alles perfekt. Gemalt von der feinen Portraitistin Jlse. [&hellip;]<\/p>\n","protected":false},"author":1,"featured_media":0,"comment_status":"open","ping_status":"open","sticky":false,"template":"","format":"standard","meta":{"footnotes":""},"categories":[2],"tags":[],"class_list":["post-529","post","type-post","status-publish","format-standard","hentry","category-rekonstruktion"],"jetpack_featured_media_url":"","_links":{"self":[{"href":"http:\/\/blog.schlosslauterbach.com\/index.php?rest_route=\/wp\/v2\/posts\/529","targetHints":{"allow":["GET"]}}],"collection":[{"href":"http:\/\/blog.schlosslauterbach.com\/index.php?rest_route=\/wp\/v2\/posts"}],"about":[{"href":"http:\/\/blog.schlosslauterbach.com\/index.php?rest_route=\/wp\/v2\/types\/post"}],"author":[{"embeddable":true,"href":"http:\/\/blog.schlosslauterbach.com\/index.php?rest_route=\/wp\/v2\/users\/1"}],"replies":[{"embeddable":true,"href":"http:\/\/blog.schlosslauterbach.com\/index.php?rest_route=%2Fwp%2Fv2%2Fcomments&post=529"}],"version-history":[{"count":2,"href":"http:\/\/blog.schlosslauterbach.com\/index.php?rest_route=\/wp\/v2\/posts\/529\/revisions"}],"predecessor-version":[{"id":661,"href":"http:\/\/blog.schlosslauterbach.com\/index.php?rest_route=\/wp\/v2\/posts\/529\/revisions\/661"}],"wp:attachment":[{"href":"http:\/\/blog.schlosslauterbach.com\/index.php?rest_route=%2Fwp%2Fv2%2Fmedia&parent=529"}],"wp:term":[{"taxonomy":"category","embeddable":true,"href":"http:\/\/blog.schlosslauterbach.com\/index.php?rest_route=%2Fwp%2Fv2%2Fcategories&post=529"},{"taxonomy":"post_tag","embeddable":true,"href":"http:\/\/blog.schlosslauterbach.com\/index.php?rest_route=%2Fwp%2Fv2%2Ftags&post=529"}],"curies":[{"name":"wp","href":"https:\/\/api.w.org\/{rel}","templated":true}]}}