{"id":395,"date":"2009-04-12T09:03:57","date_gmt":"2009-04-12T07:03:57","guid":{"rendered":"http:\/\/blog.schlosslauterbach.com\/?p=395"},"modified":"2013-04-19T10:06:54","modified_gmt":"2013-04-19T10:06:54","slug":"henry-van-de-velde-ostereier","status":"publish","type":"post","link":"http:\/\/blog.schlosslauterbach.com\/?p=395","title":{"rendered":"Henry van de Velde Ostereier"},"content":{"rendered":"<p><a title=\"van-de-velde-eier.jpg\" href=\"http:\/\/blog.schlosslauterbach.com\/wp-content\/uploads\/2009\/04\/van-de-velde-eier.jpg\"><img decoding=\"async\" alt=\"van-de-velde-eier.jpg\" src=\"http:\/\/blog.schlosslauterbach.com\/wp-content\/uploads\/2009\/04\/van-de-velde-eier.jpg\" \/><\/a><br \/>\nFrohe Ostern! Nat\u00fcrlich mit gef\u00e4rbten Eiern. Der Anspruch verpflichtet: Die Farben der Ostereier mussten sorgf\u00e4ltig gew\u00e4hlt werden. Wir haben mit van de Velde\u00b4s Farben, die er s\u00e4mtlich hier im Haus eingesetzt hat, gef\u00e4rbt. So sind wir wahrscheinlich die einzige Familie mit &#8222;Van de Velde Eiern&#8220; auf dem Ostertisch.<\/p>\n","protected":false},"excerpt":{"rendered":"<p>Frohe Ostern! Nat\u00fcrlich mit gef\u00e4rbten Eiern. Der Anspruch verpflichtet: Die Farben der Ostereier mussten sorgf\u00e4ltig gew\u00e4hlt werden. Wir haben mit van de Velde\u00b4s Farben, die er s\u00e4mtlich hier im Haus eingesetzt hat, gef\u00e4rbt. So sind wir wahrscheinlich die einzige Familie mit &#8222;Van de Velde Eiern&#8220; auf dem Ostertisch.<\/p>\n","protected":false},"author":1,"featured_media":0,"comment_status":"open","ping_status":"open","sticky":false,"template":"","format":"standard","meta":{"footnotes":""},"categories":[2],"tags":[],"class_list":["post-395","post","type-post","status-publish","format-standard","hentry","category-rekonstruktion"],"jetpack_featured_media_url":"","_links":{"self":[{"href":"http:\/\/blog.schlosslauterbach.com\/index.php?rest_route=\/wp\/v2\/posts\/395","targetHints":{"allow":["GET"]}}],"collection":[{"href":"http:\/\/blog.schlosslauterbach.com\/index.php?rest_route=\/wp\/v2\/posts"}],"about":[{"href":"http:\/\/blog.schlosslauterbach.com\/index.php?rest_route=\/wp\/v2\/types\/post"}],"author":[{"embeddable":true,"href":"http:\/\/blog.schlosslauterbach.com\/index.php?rest_route=\/wp\/v2\/users\/1"}],"replies":[{"embeddable":true,"href":"http:\/\/blog.schlosslauterbach.com\/index.php?rest_route=%2Fwp%2Fv2%2Fcomments&post=395"}],"version-history":[{"count":1,"href":"http:\/\/blog.schlosslauterbach.com\/index.php?rest_route=\/wp\/v2\/posts\/395\/revisions"}],"predecessor-version":[{"id":705,"href":"http:\/\/blog.schlosslauterbach.com\/index.php?rest_route=\/wp\/v2\/posts\/395\/revisions\/705"}],"wp:attachment":[{"href":"http:\/\/blog.schlosslauterbach.com\/index.php?rest_route=%2Fwp%2Fv2%2Fmedia&parent=395"}],"wp:term":[{"taxonomy":"category","embeddable":true,"href":"http:\/\/blog.schlosslauterbach.com\/index.php?rest_route=%2Fwp%2Fv2%2Fcategories&post=395"},{"taxonomy":"post_tag","embeddable":true,"href":"http:\/\/blog.schlosslauterbach.com\/index.php?rest_route=%2Fwp%2Fv2%2Ftags&post=395"}],"curies":[{"name":"wp","href":"https:\/\/api.w.org\/{rel}","templated":true}]}}