{"id":331,"date":"2008-06-05T11:38:35","date_gmt":"2008-06-05T09:38:35","guid":{"rendered":"http:\/\/blog.schlosslauterbach.com\/?p=331"},"modified":"2010-04-15T11:23:48","modified_gmt":"2010-04-15T09:23:48","slug":"tuschezeichnung","status":"publish","type":"post","link":"http:\/\/blog.schlosslauterbach.com\/?p=331","title":{"rendered":"Tuschezeichnung"},"content":{"rendered":"<p><a href=\"http:\/\/blog.schlosslauterbach.com\/wp-content\/uploads\/2008\/06\/schloss-lauterbach-tusche.jpg\" title=\"schloss-lauterbach-tusche.jpg\"><img decoding=\"async\" src=\"http:\/\/blog.schlosslauterbach.com\/wp-content\/uploads\/2008\/06\/schloss-lauterbach-tusche.jpg\" alt=\"schloss-lauterbach-tusche.jpg\" \/><\/a>Eine Tuschezeichnung (55&#215;125 cm) mit einer Darstellung des Ritterguts mitsamt Unterdorf fand einen Ehrenplatz. Die Zeichnung von 1920 kam mitsamt Schellack-Rahmen durch Schenkung in unseren Besitz. Sie stammt von Claudia Esche (Nachfahrin des letzten Rittergutsbesitzers Arnold Esche) die den &#8222;Schatz&#8220;  bis heute geh\u00c3\u00bctet hatte. Daf\u00c3\u00bcr und f\u00c3\u00bcr die grossz\u00c3\u00bcgige \u00c3\u0153berlassung m\u00c3\u00b6chten wir uns hiermit bei ihr und Ingo Esche, dem \u00c3\u0153berbringer herzlichst bedanken.<\/p>\n","protected":false},"excerpt":{"rendered":"<p>Eine Tuschezeichnung (55&#215;125 cm) mit einer Darstellung des Ritterguts mitsamt Unterdorf fand einen Ehrenplatz. Die Zeichnung von 1920 kam mitsamt Schellack-Rahmen durch Schenkung in unseren Besitz. Sie stammt von Claudia Esche (Nachfahrin des letzten Rittergutsbesitzers Arnold Esche) die den &#8222;Schatz&#8220; bis heute geh\u00c3\u00bctet hatte. Daf\u00c3\u00bcr und f\u00c3\u00bcr die grossz\u00c3\u00bcgige \u00c3\u0153berlassung m\u00c3\u00b6chten wir uns hiermit bei [&hellip;]<\/p>\n","protected":false},"author":1,"featured_media":0,"comment_status":"open","ping_status":"open","sticky":false,"template":"","format":"standard","meta":{"footnotes":""},"categories":[2],"tags":[54,51,37,55,53,52],"class_list":["post-331","post","type-post","status-publish","format-standard","hentry","category-rekonstruktion","tag-holzleisten","tag-jugendstilschrank","tag-kapitell","tag-lisene","tag-schablonenfries","tag-wandfries"],"jetpack_featured_media_url":"","_links":{"self":[{"href":"http:\/\/blog.schlosslauterbach.com\/index.php?rest_route=\/wp\/v2\/posts\/331","targetHints":{"allow":["GET"]}}],"collection":[{"href":"http:\/\/blog.schlosslauterbach.com\/index.php?rest_route=\/wp\/v2\/posts"}],"about":[{"href":"http:\/\/blog.schlosslauterbach.com\/index.php?rest_route=\/wp\/v2\/types\/post"}],"author":[{"embeddable":true,"href":"http:\/\/blog.schlosslauterbach.com\/index.php?rest_route=\/wp\/v2\/users\/1"}],"replies":[{"embeddable":true,"href":"http:\/\/blog.schlosslauterbach.com\/index.php?rest_route=%2Fwp%2Fv2%2Fcomments&post=331"}],"version-history":[{"count":0,"href":"http:\/\/blog.schlosslauterbach.com\/index.php?rest_route=\/wp\/v2\/posts\/331\/revisions"}],"wp:attachment":[{"href":"http:\/\/blog.schlosslauterbach.com\/index.php?rest_route=%2Fwp%2Fv2%2Fmedia&parent=331"}],"wp:term":[{"taxonomy":"category","embeddable":true,"href":"http:\/\/blog.schlosslauterbach.com\/index.php?rest_route=%2Fwp%2Fv2%2Fcategories&post=331"},{"taxonomy":"post_tag","embeddable":true,"href":"http:\/\/blog.schlosslauterbach.com\/index.php?rest_route=%2Fwp%2Fv2%2Ftags&post=331"}],"curies":[{"name":"wp","href":"https:\/\/api.w.org\/{rel}","templated":true}]}}