{"id":167,"date":"2006-09-11T17:28:21","date_gmt":"2006-09-11T15:28:21","guid":{"rendered":"http:\/\/blog.schlosslauterbach.com\/?p=167"},"modified":"2013-04-19T17:13:16","modified_gmt":"2013-04-19T17:13:16","slug":"aufgang","status":"publish","type":"post","link":"http:\/\/blog.schlosslauterbach.com\/?p=167","title":{"rendered":"Aufgang"},"content":{"rendered":"<p><img decoding=\"async\" id=\"image165\" alt=\"eingangsbereich 01.jpg\" src=\"http:\/\/blog.schlosslauterbach.com\/wp-content\/uploads\/2006\/09\/eingangsbereich%2001.jpg\" \/><\/p>\n<p><img decoding=\"async\" id=\"image166\" alt=\"eingangsbereich 02.jpg\" src=\"http:\/\/blog.schlosslauterbach.com\/wp-content\/uploads\/2006\/09\/eingangsbereich%2002.jpg\" \/><\/p>\n<p>Vor dem Vestib\u00fcl befindet sich der &#8222;repr\u00e4sentative&#8220; Eingang. 9 Stufen aus Granit f\u00fchren von der Haust\u00fcre zur 3-fl\u00fcgeligen Glast\u00fcre, dem eigentlichen Eingang. Unter diversen Anstrichen wurde die Originalfarbe von 1906\/07 wieder freigelegt. Das Velde\u00b4sche Farbkonzept konnte durch Proben an Wand, Decke und T\u00fcren nachgewiesen werden und ergab eine interessante Abstufung von Grau-beige (Wandfl\u00e4che und Decke), zu einem warmen, hellen gr\u00fcnlich-blauen Grauton (Aussenseite der Glast\u00fcren). Nach dem Entfernen der Anstriche durch abkratzen mit &#8222;kleinem Werkzeug&#8220; wurden die Originalt\u00f6ne nachgemischt und der gesamte Raum neu gefasst. Nun kann man die von van de Velde bewusst inszenierte Dramatik der Farbkomposition zum ersten Mal in einer Raumfolge (Eingang &#8211; Vestib\u00fcl) wieder sp\u00fcren. Intelligent gesetzt &#8211; ein Spiel mit Hell und Dunkel.<br \/>\nVon den Holzpaneelen links und rechts der T\u00fcren konnten nur noch Spuren nachgewiesen werden. Das Abschlusspaneel an der Wand wurde also in Anlehnung an die vorhandene Geometrie neu angefertigt.<\/p>\n","protected":false},"excerpt":{"rendered":"<p>Vor dem Vestib\u00fcl befindet sich der &#8222;repr\u00e4sentative&#8220; Eingang. 9 Stufen aus Granit f\u00fchren von der Haust\u00fcre zur 3-fl\u00fcgeligen Glast\u00fcre, dem eigentlichen Eingang. Unter diversen Anstrichen wurde die Originalfarbe von 1906\/07 wieder freigelegt. Das Velde\u00b4sche Farbkonzept konnte durch Proben an Wand, Decke und T\u00fcren nachgewiesen werden und ergab eine interessante Abstufung von Grau-beige (Wandfl\u00e4che und Decke), [&hellip;]<\/p>\n","protected":false},"author":1,"featured_media":0,"comment_status":"open","ping_status":"open","sticky":false,"template":"","format":"standard","meta":{"footnotes":""},"categories":[2],"tags":[],"class_list":["post-167","post","type-post","status-publish","format-standard","hentry","category-rekonstruktion"],"jetpack_featured_media_url":"","_links":{"self":[{"href":"http:\/\/blog.schlosslauterbach.com\/index.php?rest_route=\/wp\/v2\/posts\/167","targetHints":{"allow":["GET"]}}],"collection":[{"href":"http:\/\/blog.schlosslauterbach.com\/index.php?rest_route=\/wp\/v2\/posts"}],"about":[{"href":"http:\/\/blog.schlosslauterbach.com\/index.php?rest_route=\/wp\/v2\/types\/post"}],"author":[{"embeddable":true,"href":"http:\/\/blog.schlosslauterbach.com\/index.php?rest_route=\/wp\/v2\/users\/1"}],"replies":[{"embeddable":true,"href":"http:\/\/blog.schlosslauterbach.com\/index.php?rest_route=%2Fwp%2Fv2%2Fcomments&post=167"}],"version-history":[{"count":2,"href":"http:\/\/blog.schlosslauterbach.com\/index.php?rest_route=\/wp\/v2\/posts\/167\/revisions"}],"predecessor-version":[{"id":799,"href":"http:\/\/blog.schlosslauterbach.com\/index.php?rest_route=\/wp\/v2\/posts\/167\/revisions\/799"}],"wp:attachment":[{"href":"http:\/\/blog.schlosslauterbach.com\/index.php?rest_route=%2Fwp%2Fv2%2Fmedia&parent=167"}],"wp:term":[{"taxonomy":"category","embeddable":true,"href":"http:\/\/blog.schlosslauterbach.com\/index.php?rest_route=%2Fwp%2Fv2%2Fcategories&post=167"},{"taxonomy":"post_tag","embeddable":true,"href":"http:\/\/blog.schlosslauterbach.com\/index.php?rest_route=%2Fwp%2Fv2%2Ftags&post=167"}],"curies":[{"name":"wp","href":"https:\/\/api.w.org\/{rel}","templated":true}]}}