{"id":1263,"date":"2016-05-30T06:43:54","date_gmt":"2016-05-30T06:43:54","guid":{"rendered":"http:\/\/blog.schlosslauterbach.com\/?p=1263"},"modified":"2016-06-04T13:38:27","modified_gmt":"2016-06-04T13:38:27","slug":"decken-und-putz-sanierung","status":"publish","type":"post","link":"http:\/\/blog.schlosslauterbach.com\/?p=1263","title":{"rendered":"Wohnung Gretl: Putz-Sanierung"},"content":{"rendered":"<p><a href=\"http:\/\/blog.schlosslauterbach.com\/wp-content\/uploads\/2016\/05\/L1050452.jpg\"><img loading=\"lazy\" decoding=\"async\" class=\"alignnone size-full wp-image-1264\" alt=\"L1050452\" src=\"http:\/\/blog.schlosslauterbach.com\/wp-content\/uploads\/2016\/05\/L1050452.jpg\" width=\"400\" height=\"599\" srcset=\"http:\/\/blog.schlosslauterbach.com\/wp-content\/uploads\/2016\/05\/L1050452.jpg 400w, http:\/\/blog.schlosslauterbach.com\/wp-content\/uploads\/2016\/05\/L1050452-200x300.jpg 200w\" sizes=\"auto, (max-width: 400px) 100vw, 400px\" \/><\/a><\/p>\n<p><img loading=\"lazy\" decoding=\"async\" class=\"alignnone size-full wp-image-1265\" alt=\"L1050453\" src=\"http:\/\/blog.schlosslauterbach.com\/wp-content\/uploads\/2016\/05\/L1050453.jpg\" width=\"400\" height=\"267\" srcset=\"http:\/\/blog.schlosslauterbach.com\/wp-content\/uploads\/2016\/05\/L1050453.jpg 400w, http:\/\/blog.schlosslauterbach.com\/wp-content\/uploads\/2016\/05\/L1050453-300x200.jpg 300w\" sizes=\"auto, (max-width: 400px) 100vw, 400px\" \/><\/p>\n<p><a href=\"http:\/\/blog.schlosslauterbach.com\/wp-content\/uploads\/2016\/05\/L1050455.jpg\"><img loading=\"lazy\" decoding=\"async\" class=\"alignnone size-full wp-image-1273\" alt=\"L1050455\" src=\"http:\/\/blog.schlosslauterbach.com\/wp-content\/uploads\/2016\/05\/L1050455.jpg\" width=\"400\" height=\"599\" srcset=\"http:\/\/blog.schlosslauterbach.com\/wp-content\/uploads\/2016\/05\/L1050455.jpg 400w, http:\/\/blog.schlosslauterbach.com\/wp-content\/uploads\/2016\/05\/L1050455-200x300.jpg 200w\" sizes=\"auto, (max-width: 400px) 100vw, 400px\" \/><\/a><\/p>\n<p><a href=\"http:\/\/blog.schlosslauterbach.com\/wp-content\/uploads\/2016\/05\/L1050458.jpg\"><img loading=\"lazy\" decoding=\"async\" class=\"alignnone size-full wp-image-1267\" alt=\"L1050458\" src=\"http:\/\/blog.schlosslauterbach.com\/wp-content\/uploads\/2016\/05\/L1050458.jpg\" width=\"400\" height=\"600\" srcset=\"http:\/\/blog.schlosslauterbach.com\/wp-content\/uploads\/2016\/05\/L1050458.jpg 400w, http:\/\/blog.schlosslauterbach.com\/wp-content\/uploads\/2016\/05\/L1050458-200x300.jpg 200w\" sizes=\"auto, (max-width: 400px) 100vw, 400px\" \/><\/a><br \/>\nNachdem die Deckenspiegel in der Wohnung Gretl wieder hergestellt sind geht es nun an die Sanierung der Putzfl\u00e4chen. Leimfarben wurden abgewaschen, Schadstellen mit Kalk-Zementputz geschlossen und die Wandfarben, so weit es geht, wieder freigelegt. Die Patina wurde stabilisiert und bleibt, so wie sie hier zu sehen ist, erhalten. Der Deckenspiegel hier im Wohnzimmer der Ferienwohnung wurde farblich neu gefasst, ein leicht gelblicher Grauton. Die weissen Fl\u00e4chen (ein T\u00e4fer aus Gk-Platten) werden mit einer Vliestapete, die speziell f\u00fcr diesen Ort entworfen wird, tapeziert.<br \/>\nDanach werden die Abschlussleisten und die gefr\u00e4sten Profile f\u00fcr die Ecken wieder aufgesetzt.<\/p>\n","protected":false},"excerpt":{"rendered":"<p>Nachdem die Deckenspiegel in der Wohnung Gretl wieder hergestellt sind geht es nun an die Sanierung der Putzfl\u00e4chen. Leimfarben wurden abgewaschen, Schadstellen mit Kalk-Zementputz geschlossen und die Wandfarben, so weit es geht, wieder freigelegt. Die Patina wurde stabilisiert und bleibt, so wie sie hier zu sehen ist, erhalten. Der Deckenspiegel hier im Wohnzimmer der Ferienwohnung [&hellip;]<\/p>\n","protected":false},"author":1,"featured_media":0,"comment_status":"open","ping_status":"open","sticky":false,"template":"","format":"standard","meta":{"footnotes":""},"categories":[3,2],"tags":[31,8,134,9,201,21,18],"class_list":["post-1263","post","type-post","status-publish","format-standard","hentry","category-historisches","category-rekonstruktion","tag-deckenspiegel","tag-henry-van-de-velde","tag-historismus","tag-jugendstil","tag-kammzug-malerei","tag-lamperie","tag-schloss-lauterbach"],"jetpack_featured_media_url":"","_links":{"self":[{"href":"http:\/\/blog.schlosslauterbach.com\/index.php?rest_route=\/wp\/v2\/posts\/1263","targetHints":{"allow":["GET"]}}],"collection":[{"href":"http:\/\/blog.schlosslauterbach.com\/index.php?rest_route=\/wp\/v2\/posts"}],"about":[{"href":"http:\/\/blog.schlosslauterbach.com\/index.php?rest_route=\/wp\/v2\/types\/post"}],"author":[{"embeddable":true,"href":"http:\/\/blog.schlosslauterbach.com\/index.php?rest_route=\/wp\/v2\/users\/1"}],"replies":[{"embeddable":true,"href":"http:\/\/blog.schlosslauterbach.com\/index.php?rest_route=%2Fwp%2Fv2%2Fcomments&post=1263"}],"version-history":[{"count":12,"href":"http:\/\/blog.schlosslauterbach.com\/index.php?rest_route=\/wp\/v2\/posts\/1263\/revisions"}],"predecessor-version":[{"id":1308,"href":"http:\/\/blog.schlosslauterbach.com\/index.php?rest_route=\/wp\/v2\/posts\/1263\/revisions\/1308"}],"wp:attachment":[{"href":"http:\/\/blog.schlosslauterbach.com\/index.php?rest_route=%2Fwp%2Fv2%2Fmedia&parent=1263"}],"wp:term":[{"taxonomy":"category","embeddable":true,"href":"http:\/\/blog.schlosslauterbach.com\/index.php?rest_route=%2Fwp%2Fv2%2Fcategories&post=1263"},{"taxonomy":"post_tag","embeddable":true,"href":"http:\/\/blog.schlosslauterbach.com\/index.php?rest_route=%2Fwp%2Fv2%2Ftags&post=1263"}],"curies":[{"name":"wp","href":"https:\/\/api.w.org\/{rel}","templated":true}]}}